{"id":2458,"date":"2021-08-20T18:31:30","date_gmt":"2021-08-20T13:31:30","guid":{"rendered":"https:\/\/qoraqalpogiston.sud.uz\/?p=2458"},"modified":"2021-08-20T18:31:30","modified_gmt":"2021-08-20T13:31:30","slug":"huqiqbuzarliqlar-profilaktikasi","status":"publish","type":"post","link":"https:\/\/qaraqalpaqstan.sud.uz\/qql\/archives\/2458","title":{"rendered":"Huq\u0131qbuzarl\u0131qlar profilaktikas\u0131"},"content":{"rendered":"<p>Qanl\u0131k\u00f3l rayon\u0131 M\u00e1deniyat MPJ imarat\u0131nda, \u00d3zbekstan Respublikas\u0131 Oliy Majlis Senat\u0131 Basl\u0131\u01f5\u0131 T.Narbaeva h\u00e1m Qaraqalpaqstan Respublikas\u0131 Joqar\u01f5\u0131 Ke\u0144esi Basl\u0131\u01f5\u0131 M.Kamalov t\u00e1repinen tast\u0131y\u0131qlan\u01f5an \u201cJol karta\u201dn\u0131\u0144 11-b\u00e1nti h\u00e1m 24-b\u00e1ntilerini\u0144 or\u0131nlan\u0131w\u0131n t\u00e1miyinlew h\u00e1m \u201cHuq\u0131qbuzarl\u0131qlar profilaktikas\u0131 k\u00fani\u201dnde xal\u0131qt\u0131 sergeklikke shaq\u0131r\u0131w, puqaralar aras\u0131nda j\u0131nayatsh\u0131l\u0131q h\u00e1m huq\u0131qbuzarl\u0131qlard\u0131\u0144 ald\u0131n al\u0131w maqsetinde, ush\u0131ras\u0131w bol\u0131p \u00f3tti.<\/p>\n<p><img fetchpriority=\"high\" decoding=\"async\" class=\"alignnone size-medium wp-image-2459 aligncenter\" src=\"https:\/\/qoraqalpogiston.sud.uz\/wp-content\/uploads\/2021\/08\/7777-2-300x225.jpg\" alt=\"\" width=\"300\" height=\"225\" srcset=\"https:\/\/qaraqalpaqstan.sud.uz\/wp-content\/uploads\/2021\/08\/7777-2-300x225.jpg 300w, https:\/\/qaraqalpaqstan.sud.uz\/wp-content\/uploads\/2021\/08\/7777-2-1024x768.jpg 1024w, https:\/\/qaraqalpaqstan.sud.uz\/wp-content\/uploads\/2021\/08\/7777-2-768x576.jpg 768w, https:\/\/qaraqalpaqstan.sud.uz\/wp-content\/uploads\/2021\/08\/7777-2-16x12.jpg 16w, https:\/\/qaraqalpaqstan.sud.uz\/wp-content\/uploads\/2021\/08\/7777-2.jpg 1280w\" sizes=\"(max-width: 300px) 100vw, 300px\" \/><\/p>\n<p>Ush\u0131ras\u0131w\u01f5a J\u0131nayat isleri boy\u0131nsha Qanl\u0131k\u00f3l rayon sud\u0131 basl\u0131\u01f5\u0131, rayonl\u0131q ishki isler b\u00f3limi, m\u00e1keme x\u0131zmetkerleri, aymaq tur\u01f5\u0131nlar\u0131 qatnast\u0131. Ush\u0131ras\u0131w bar\u0131s\u0131nda, joqar\u0131da atap \u00f3tilgen m\u00e1seleler boy\u0131nsha taraw q\u00e1nigeleri ke\u0144nen ma\u01f5l\u0131wmat berip, bul ba\u01f5darda isleniwi tiyis ilajlar, al\u01f5a qoy\u0131l\u01f5an waz\u0131ypalard\u0131\u0144 \u00e1hmiyeti t\u00fasindirildi.<\/p>","protected":false},"excerpt":{"rendered":"<p>Qanl\u0131k\u00f3l rayon\u0131 M\u00e1deniyat MPJ imarat\u0131nda, \u00d3zbekstan Respublikas\u0131 Oliy Majlis Senat\u0131 Basl\u0131\u01f5\u0131 T.Narbaeva h\u00e1m Qaraqalpaqstan Respublikas\u0131 Joqar\u01f5\u0131 Ke\u0144esi Basl\u0131\u01f5\u0131 M.Kamalov t\u00e1repinen tast\u0131y\u0131qlan\u01f5an \u201cJol karta\u201dn\u0131\u0144 11-b\u00e1nti h\u00e1m 24-b\u00e1ntilerini\u0144 or\u0131nlan\u0131w\u0131n t\u00e1miyinlew h\u00e1m \u201cHuq\u0131qbuzarl\u0131qlar profilaktikas\u0131 k\u00fani\u201dnde xal\u0131qt\u0131 sergeklikke shaq\u0131r\u0131w, puqaralar aras\u0131nda j\u0131nayatsh\u0131l\u0131q h\u00e1m huq\u0131qbuzarl\u0131qlard\u0131\u0144 ald\u0131n al\u0131w maqsetinde, ush\u0131ras\u0131w bol\u0131p \u00f3tti. Ush\u0131ras\u0131w\u01f5a J\u0131nayat isleri boy\u0131nsha Qanl\u0131k\u00f3l rayon sud\u0131 basl\u0131\u01f5\u0131, rayonl\u0131q [&hellip;]<\/p>\n","protected":false},"author":1,"featured_media":2460,"comment_status":"open","ping_status":"open","sticky":false,"template":"","format":"standard","meta":{"footnotes":""},"categories":[158],"tags":[],"class_list":["post-2458","post","type-post","status-publish","format-standard","has-post-thumbnail","hentry","category-janaliqlar"],"_links":{"self":[{"href":"https:\/\/qaraqalpaqstan.sud.uz\/qql\/wp-json\/wp\/v2\/posts\/2458","targetHints":{"allow":["GET"]}}],"collection":[{"href":"https:\/\/qaraqalpaqstan.sud.uz\/qql\/wp-json\/wp\/v2\/posts"}],"about":[{"href":"https:\/\/qaraqalpaqstan.sud.uz\/qql\/wp-json\/wp\/v2\/types\/post"}],"author":[{"embeddable":true,"href":"https:\/\/qaraqalpaqstan.sud.uz\/qql\/wp-json\/wp\/v2\/users\/1"}],"replies":[{"embeddable":true,"href":"https:\/\/qaraqalpaqstan.sud.uz\/qql\/wp-json\/wp\/v2\/comments?post=2458"}],"version-history":[{"count":1,"href":"https:\/\/qaraqalpaqstan.sud.uz\/qql\/wp-json\/wp\/v2\/posts\/2458\/revisions"}],"predecessor-version":[{"id":2461,"href":"https:\/\/qaraqalpaqstan.sud.uz\/qql\/wp-json\/wp\/v2\/posts\/2458\/revisions\/2461"}],"wp:featuredmedia":[{"embeddable":true,"href":"https:\/\/qaraqalpaqstan.sud.uz\/qql\/wp-json\/wp\/v2\/media\/2460"}],"wp:attachment":[{"href":"https:\/\/qaraqalpaqstan.sud.uz\/qql\/wp-json\/wp\/v2\/media?parent=2458"}],"wp:term":[{"taxonomy":"category","embeddable":true,"href":"https:\/\/qaraqalpaqstan.sud.uz\/qql\/wp-json\/wp\/v2\/categories?post=2458"},{"taxonomy":"post_tag","embeddable":true,"href":"https:\/\/qaraqalpaqstan.sud.uz\/qql\/wp-json\/wp\/v2\/tags?post=2458"}],"curies":[{"name":"wp","href":"https:\/\/api.w.org\/{rel}","templated":true}]}}